{"id":4238,"date":"2025-06-10T12:23:17","date_gmt":"2025-06-10T12:23:17","guid":{"rendered":"https:\/\/slo-cro.com\/?p=4238"},"modified":"2025-06-10T12:23:17","modified_gmt":"2025-06-10T12:23:17","slug":"slovenski-globalni-forum","status":"publish","type":"post","link":"https:\/\/slo-cro.com\/sl\/slovenski-globalni-forum\/","title":{"rendered":"Slovenski globalni forum"},"content":{"rendered":"<p><strong>Slovenski globalni forum<\/strong> bo tudi letos <strong>13. junija 2025 v Mariboru<\/strong> zdru\u017eil gospodarstvenike, ekonomske svetovalce, predstavnike dr\u017eave in podpornih institucij.<\/p>\n<p>Leto\u0161nja osrednja tema bodo disruptivne spremembe, ki spreminjajo pravila igre v svetovnem gospodarstvu. Forum bo izpostavil prilo\u017enosti za inovacije in trajnostni preboj slovenskih podjetij na mednarodnih trgih.<\/p>\n<p>Uvodni nagovor na Slovenskem globalnem forumu 2025 bosta podala <strong>Matja\u017e Han<\/strong>, minister za gospodarstvo, turizem in \u0161port Republike Slovenije, ter <strong>Tanja Fajon<\/strong>, ministrica za zunanje in evropske zadeve Republike Slovenije.<\/p>\n<p>Udele\u017eenci bodo imeli mo\u017enost neposrednega povezovanja prek B2B sre\u010danj z ve\u010d kot 28 ekonomskimi svetovalci iz slovenskih veleposlani\u0161tev, poslovnimi klubi in predstavniki klju\u010dnih institucij, kot so SPIRIT, SPS, SID banka, GZS in OZS.<\/p>\n<p>Pridru\u017eite se dogodku, ki krepi vlogo Slovenije kot privla\u010dnega investicijskega okolja in spodbuja globalno rast slovenskega gospodarstva.<\/p>\n<p><a href=\"https:\/\/sgf.si\/#program\" target=\"_blank\" rel=\"noopener\">PROGRAM<\/a><\/p>\n","protected":false},"excerpt":{"rendered":"<p>Slovenski globalni forum bo tudi letos 13. junija 2025 v Mariboru zdru\u017eil gospodarstvenike, ekonomske svetovalce, predstavnike dr\u017eave in podpornih institucij. Leto\u0161nja osrednja tema bodo disruptivne spremembe, ki spreminjajo pravila igre v svetovnem gospodarstvu. Forum bo izpostavil prilo\u017enosti za inovacije in trajnostni preboj slovenskih podjetij na mednarodnih trgih. Uvodni nagovor na Slovenskem globalnem forumu 2025 bosta &hellip; <a href=\"https:\/\/slo-cro.com\/sl\/slovenski-globalni-forum\/\">Continued<\/a><\/p>\n","protected":false},"author":3,"featured_media":4235,"comment_status":"closed","ping_status":"closed","sticky":false,"template":"","format":"standard","meta":{"_acf_changed":false,"footnotes":""},"categories":[61],"tags":[],"class_list":["post-4238","post","type-post","status-publish","format-standard","has-post-thumbnail","hentry","category-novosti-zbornice"],"acf":[],"_links":{"self":[{"href":"https:\/\/slo-cro.com\/sl\/wp-json\/wp\/v2\/posts\/4238","targetHints":{"allow":["GET"]}}],"collection":[{"href":"https:\/\/slo-cro.com\/sl\/wp-json\/wp\/v2\/posts"}],"about":[{"href":"https:\/\/slo-cro.com\/sl\/wp-json\/wp\/v2\/types\/post"}],"author":[{"embeddable":true,"href":"https:\/\/slo-cro.com\/sl\/wp-json\/wp\/v2\/users\/3"}],"replies":[{"embeddable":true,"href":"https:\/\/slo-cro.com\/sl\/wp-json\/wp\/v2\/comments?post=4238"}],"version-history":[{"count":1,"href":"https:\/\/slo-cro.com\/sl\/wp-json\/wp\/v2\/posts\/4238\/revisions"}],"predecessor-version":[{"id":4239,"href":"https:\/\/slo-cro.com\/sl\/wp-json\/wp\/v2\/posts\/4238\/revisions\/4239"}],"wp:featuredmedia":[{"embeddable":true,"href":"https:\/\/slo-cro.com\/sl\/wp-json\/wp\/v2\/media\/4235"}],"wp:attachment":[{"href":"https:\/\/slo-cro.com\/sl\/wp-json\/wp\/v2\/media?parent=4238"}],"wp:term":[{"taxonomy":"category","embeddable":true,"href":"https:\/\/slo-cro.com\/sl\/wp-json\/wp\/v2\/categories?post=4238"},{"taxonomy":"post_tag","embeddable":true,"href":"https:\/\/slo-cro.com\/sl\/wp-json\/wp\/v2\/tags?post=4238"}],"curies":[{"name":"wp","href":"https:\/\/api.w.org\/{rel}","templated":true}]}}