{"id":7181,"date":"2026-04-27T09:21:47","date_gmt":"2026-04-27T09:21:47","guid":{"rendered":"https:\/\/slo-cro.com\/?p=7181"},"modified":"2026-04-27T09:21:47","modified_gmt":"2026-04-27T09:21:47","slug":"logist-leta-2025-branko-butala","status":"publish","type":"post","link":"https:\/\/slo-cro.com\/sl\/logist-leta-2025-branko-butala\/","title":{"rendered":"Logist leta 2025 Branko Butala"},"content":{"rendered":"<p>V Portoro\u017eu je med 8. in 10. aprilom 2026 potekal <strong>13. mednarodni Logisti\u010dni kongres<\/strong>, ki je tudi letos zdru\u017eil vodilne strokovnjake iz ve\u010d kot 25 dr\u017eav.<\/p>\n<p>Kongres je poudaril odgovornost za prihodnost logistike, povezovanje znanosti in prakse ter prilagajanje tehnolo\u0161kim spremembam in geopoliti\u010dnim izzivom. V tridnevnem programu so udele\u017eenci spremljali strokovna predavanja, primere dobrih praks vodilnih mednarodnih podjetij ter najnovej\u0161e digitalne re\u0161itve in tehnolo\u0161ke inovacije.<\/p>\n<p>V okviru kongresa je bilo podeljeno tudi presti\u017eno priznanje <strong>Logistician of the Year 2025<\/strong>. Nagrado je prejel <strong>Branko Butala<\/strong>, direktor podjetja <strong>Comark<\/strong>, ki je \u010dlan SLO CRO Gospodarske zbornice, z razlago priznanja, da Comark velja za enega vidnej\u0161ih primerov logisti\u010dne odli\u010dnosti v Sloveniji ter je specializirano za projektno logistiko, izredne prevoze, prekomorsko pakiranje in projektni tovor. To priznanje potrjuje njegov prispevek k razvoju projektne logistike ter uspe\u0161ni rasti podjetja.<\/p>\n<p>Gospod Butala je ob tem poudaril, da gre za skupni uspeh ekipe in partnerjev, ter izpostavil pomen sodelovanja in zaupanja pri nadaljnjem razvoju logisti\u010dnih re\u0161itev.<\/p>\n<p><em>Vir: https:\/\/logisticnikongres.si\/<\/em><\/p>\n<p>&nbsp;<\/p>\n<div id='gallery-1' class='gallery galleryid-7181 gallery-columns-3 gallery-size-full'><figure class='gallery-item'>\n\t\t\t<div class='gallery-icon landscape'>\n\t\t\t\t<a href='https:\/\/slo-cro.com\/sl\/logist-leta-2025-branko-butala\/attachment\/1775642579396\/'><img decoding=\"async\" width=\"1920\" height=\"1440\" src=\"https:\/\/slo-cro.com\/wp-content\/uploads\/2026\/04\/1775642579396.jpg\" class=\"attachment-full size-full\" alt=\"\" srcset=\"https:\/\/slo-cro.com\/wp-content\/uploads\/2026\/04\/1775642579396.jpg 1920w, https:\/\/slo-cro.com\/wp-content\/uploads\/2026\/04\/1775642579396-300x225.jpg 300w, https:\/\/slo-cro.com\/wp-content\/uploads\/2026\/04\/1775642579396-1024x768.jpg 1024w, https:\/\/slo-cro.com\/wp-content\/uploads\/2026\/04\/1775642579396-768x576.jpg 768w, https:\/\/slo-cro.com\/wp-content\/uploads\/2026\/04\/1775642579396-1536x1152.jpg 1536w\" sizes=\"(max-width: 1920px) 100vw, 1920px\" \/><\/a>\n\t\t\t<\/div><\/figure><figure class='gallery-item'>\n\t\t\t<div class='gallery-icon landscape'>\n\t\t\t\t<a href='https:\/\/slo-cro.com\/sl\/logist-leta-2025-branko-butala\/logisticcongress2026_46-2\/'><img decoding=\"async\" width=\"1920\" height=\"1280\" src=\"https:\/\/slo-cro.com\/wp-content\/uploads\/2026\/04\/LogisticCongress2026_46-1.jpg\" class=\"attachment-full size-full\" alt=\"\" srcset=\"https:\/\/slo-cro.com\/wp-content\/uploads\/2026\/04\/LogisticCongress2026_46-1.jpg 1920w, https:\/\/slo-cro.com\/wp-content\/uploads\/2026\/04\/LogisticCongress2026_46-1-300x200.jpg 300w, https:\/\/slo-cro.com\/wp-content\/uploads\/2026\/04\/LogisticCongress2026_46-1-1024x683.jpg 1024w, https:\/\/slo-cro.com\/wp-content\/uploads\/2026\/04\/LogisticCongress2026_46-1-768x512.jpg 768w, https:\/\/slo-cro.com\/wp-content\/uploads\/2026\/04\/LogisticCongress2026_46-1-1536x1024.jpg 1536w\" sizes=\"(max-width: 1920px) 100vw, 1920px\" \/><\/a>\n\t\t\t<\/div><\/figure><figure class='gallery-item'>\n\t\t\t<div class='gallery-icon landscape'>\n\t\t\t\t<a href='https:\/\/slo-cro.com\/sl\/logist-leta-2025-branko-butala\/logisticcongress2026_47\/'><img decoding=\"async\" width=\"1920\" height=\"1279\" src=\"https:\/\/slo-cro.com\/wp-content\/uploads\/2026\/04\/LogisticCongress2026_47.jpg\" class=\"attachment-full size-full\" alt=\"\" srcset=\"https:\/\/slo-cro.com\/wp-content\/uploads\/2026\/04\/LogisticCongress2026_47.jpg 1920w, https:\/\/slo-cro.com\/wp-content\/uploads\/2026\/04\/LogisticCongress2026_47-300x200.jpg 300w, https:\/\/slo-cro.com\/wp-content\/uploads\/2026\/04\/LogisticCongress2026_47-1024x682.jpg 1024w, https:\/\/slo-cro.com\/wp-content\/uploads\/2026\/04\/LogisticCongress2026_47-768x512.jpg 768w, https:\/\/slo-cro.com\/wp-content\/uploads\/2026\/04\/LogisticCongress2026_47-1536x1023.jpg 1536w\" sizes=\"(max-width: 1920px) 100vw, 1920px\" \/><\/a>\n\t\t\t<\/div><\/figure>\n\t\t<\/div>\n\n","protected":false},"excerpt":{"rendered":"<p>V Portoro\u017eu je med 8. in 10. aprilom 2026 potekal 13. mednarodni Logisti\u010dni kongres, ki je tudi letos zdru\u017eil vodilne strokovnjake iz ve\u010d kot 25 dr\u017eav. Kongres je poudaril odgovornost za prihodnost logistike, povezovanje znanosti in prakse ter prilagajanje tehnolo\u0161kim spremembam in geopoliti\u010dnim izzivom. V tridnevnem programu so udele\u017eenci spremljali strokovna predavanja, primere dobrih praks &hellip; <a href=\"https:\/\/slo-cro.com\/sl\/logist-leta-2025-branko-butala\/\">Continued<\/a><\/p>\n","protected":false},"author":3,"featured_media":7182,"comment_status":"closed","ping_status":"closed","sticky":false,"template":"","format":"standard","meta":{"_acf_changed":false,"footnotes":""},"categories":[62],"tags":[],"class_list":["post-7181","post","type-post","status-publish","format-standard","has-post-thumbnail","hentry","category-novosti-clanov"],"acf":[],"_links":{"self":[{"href":"https:\/\/slo-cro.com\/sl\/wp-json\/wp\/v2\/posts\/7181","targetHints":{"allow":["GET"]}}],"collection":[{"href":"https:\/\/slo-cro.com\/sl\/wp-json\/wp\/v2\/posts"}],"about":[{"href":"https:\/\/slo-cro.com\/sl\/wp-json\/wp\/v2\/types\/post"}],"author":[{"embeddable":true,"href":"https:\/\/slo-cro.com\/sl\/wp-json\/wp\/v2\/users\/3"}],"replies":[{"embeddable":true,"href":"https:\/\/slo-cro.com\/sl\/wp-json\/wp\/v2\/comments?post=7181"}],"version-history":[{"count":2,"href":"https:\/\/slo-cro.com\/sl\/wp-json\/wp\/v2\/posts\/7181\/revisions"}],"predecessor-version":[{"id":7191,"href":"https:\/\/slo-cro.com\/sl\/wp-json\/wp\/v2\/posts\/7181\/revisions\/7191"}],"wp:featuredmedia":[{"embeddable":true,"href":"https:\/\/slo-cro.com\/sl\/wp-json\/wp\/v2\/media\/7182"}],"wp:attachment":[{"href":"https:\/\/slo-cro.com\/sl\/wp-json\/wp\/v2\/media?parent=7181"}],"wp:term":[{"taxonomy":"category","embeddable":true,"href":"https:\/\/slo-cro.com\/sl\/wp-json\/wp\/v2\/categories?post=7181"},{"taxonomy":"post_tag","embeddable":true,"href":"https:\/\/slo-cro.com\/sl\/wp-json\/wp\/v2\/tags?post=7181"}],"curies":[{"name":"wp","href":"https:\/\/api.w.org\/{rel}","templated":true}]}}